{"id":5108,"date":"2024-05-22T18:00:27","date_gmt":"2024-05-22T18:00:27","guid":{"rendered":"https:\/\/monachusyachts.com\/internautica-salone-nautico-internazionale-2024\/"},"modified":"2025-09-24T08:55:15","modified_gmt":"2025-09-24T08:55:15","slug":"internautica-salone-nautico-internazionale-2024","status":"publish","type":"post","link":"https:\/\/monachusyachts.com\/it\/internautica-salone-nautico-internazionale-2024\/","title":{"rendered":"INTERNAUTICA \u2013 salone nautico internazionale 2024"},"content":{"rendered":"<div class=\"wpb-content-wrapper\"><p>[vc_row][vc_column][vc_column_text css=&#8221;.vc_custom_1755442464877{padding-bottom: 50px !important;}&#8221;]<\/p>\n<div class=\"et_pb_module et_pb_text et_pb_text_0 et_pb_text_align_left et_pb_bg_layout_light\">\n<div class=\"et_pb_text_inner\">\n<p>Diamo uno sguardo al recente Salone Nautico Internautica, che ha confermato ancora una volta il suo status di una delle fiere nautiche pi\u00f9 prestigiose della regione. L&#8217;edizione di quest&#8217;anno della fiera, tenutasi a Marina Portoro\u017e, \u00e8 stata sicuramente un luogo di ritrovo per gli amanti del mare, delle barche e dello stile di vita nautico. <\/p>\n<\/div>\n<\/div>\n<div class=\"et_pb_module et_pb_image et_pb_image_0\"><span class=\"et_pb_image_wrap \"><picture><source srcset=\"https:\/\/monachusyachts.com\/wp-content\/webp-express\/webp-images\/uploads\/2024\/05\/internautica-2024-980x551.jpg.webp 980w, https:\/\/monachusyachts.com\/wp-content\/webp-express\/webp-images\/uploads\/2024\/05\/internautica-2024-480x270.jpg.webp 480w\" type=\"image\/webp\" sizes=\"(min-width: 0px) and (max-width: 480px) 480px, (min-width: 481px) and (max-width: 980px) 980px, (min-width: 981px) 1024px, 100vw\"><\/source><img loading=\"lazy\" decoding=\"async\" class=\"wp-image-250050 webpexpress-processed\" title=\"Internautica 2024\" src=\"https:\/\/monachusyachts.com\/wp-content\/uploads\/2024\/05\/internautica-2024-1024x576.jpg\" sizes=\"auto, (min-width: 0px) and (max-width: 480px) 480px, (min-width: 481px) and (max-width: 980px) 980px, (min-width: 981px) 1024px, 100vw\" srcset=\"https:\/\/monachusyachts.com\/wp-content\/uploads\/2024\/05\/internautica-2024-980x551.jpg 980w, https:\/\/monachusyachts.com\/wp-content\/uploads\/2024\/05\/internautica-2024-480x270.jpg 480w\" alt=\"Internautica 2024\" width=\"1024\" height=\"576\"><\/picture><\/span><\/div>\n<div class=\"et_pb_module et_pb_text et_pb_text_1 et_pb_text_align_left et_pb_bg_layout_light\">\n<div class=\"et_pb_text_inner\">\n<p>I visitatori hanno avuto l&#8217;opportunit\u00e0 di vedere le ultime tendenze nel design e nella tecnologia dell&#8217;industria nautica e anche di godere di splendide viste sul mare. La fiera \u00e8 stata anche un&#8217;occasione per incontrare figure di spicco del settore e scambiare esperienze con altri appassionati di nautica. \u00c8 stato particolarmente interessante vedere come l&#8217;innovazione e l&#8217;eleganza si intrecciano perfettamente ad ogni passo.  <\/p>\n<p>Internautica non \u00e8 solo una fiera, ma anche una piattaforma che incoraggia la crescita dell&#8217;economia, del turismo e dell&#8217;imprenditoria in Slovenia. La fiera \u00e8 servita anche come luogo per presentare idee pionieristiche che contribuiscono alla salvaguardia dei nostri mari e dell&#8217;ambiente e ispirano una connessione pi\u00f9 profonda tra le persone e la natura. <\/p>\n<p>Il nostro yacht Issa 45 presentato ha attirato l&#8217;attenzione di molti visitatori, che sono rimasti deliziati dal design, dalle prestazioni e dalle innovazioni che questo bellissimo lobster offre, il che ha portato a numerosi elogi e riconoscimenti da parte di eccellenti marinai e appassionati. Siamo orgogliosi di essere riusciti a creare uno yacht che non solo soddisfa, ma supera anche le aspettative degli amanti del mare pi\u00f9 esigenti. <\/p>\n<\/div>\n<\/div>\n<div class=\"et_pb_module et_pb_image et_pb_image_1\"><span class=\"et_pb_image_wrap \"><picture><source srcset=\"https:\/\/monachusyachts.com\/wp-content\/webp-express\/webp-images\/uploads\/2024\/05\/internautica-2024-issa45-980x551.jpg.webp 980w, https:\/\/monachusyachts.com\/wp-content\/webp-express\/webp-images\/uploads\/2024\/05\/internautica-2024-issa45-480x270.jpg.webp 480w\" type=\"image\/webp\" sizes=\"auto, (min-width: 0px) and (max-width: 480px) 480px, (min-width: 481px) and (max-width: 980px) 980px, (min-width: 981px) 1024px, 100vw\"><\/source><img loading=\"lazy\" decoding=\"async\" class=\"wp-image-250049 webpexpress-processed\" title=\"Internautica 2024 issa45\" src=\"https:\/\/monachusyachts.com\/wp-content\/uploads\/2024\/05\/internautica-2024-issa45-1024x576.jpg\" sizes=\"auto, (min-width: 0px) and (max-width: 480px) 480px, (min-width: 481px) and (max-width: 980px) 980px, (min-width: 981px) 1024px, 100vw\" srcset=\"https:\/\/monachusyachts.com\/wp-content\/uploads\/2024\/05\/internautica-2024-issa45-980x551.jpg 980w, https:\/\/monachusyachts.com\/wp-content\/uploads\/2024\/05\/internautica-2024-issa45-480x270.jpg 480w\" alt=\"Internautica 2024 issa45\" width=\"1024\" height=\"576\"><\/picture><\/span><\/div>\n<div class=\"et_pb_module et_pb_text et_pb_text_2 et_pb_text_align_left et_pb_bg_layout_light\">\n<div class=\"et_pb_text_inner\">\n<p>Le conversazioni con i visitatori e i potenziali clienti sono state proficue e l&#8217;interesse per il <a href=\"https:\/\/monachusyachts.com\/yachts\/monachus-issa-45\/\">Monachus Issa 45<\/a> ha superato tutte le nostre aspettative.<\/p>\n<p> Siamo stati particolarmente onorati dalla visita del rappresentante di vendita degli yacht Monachus per l&#8217;Italia, il signor Pietro Lucchese e suo figlio Leonardo della societ\u00e0 MR.BLU \u2013 Yacht and Ship, che con la loro presenza hanno ulteriormente confermato l&#8217;importanza internazionale del marchio Monachus Yachts e la qualit\u00e0 delle nostre imbarcazioni.<\/p>\n<\/div>\n<\/div>\n<div class=\"et_pb_module et_pb_image et_pb_image_2\"><span class=\"et_pb_image_wrap \"><picture><source srcset=\"https:\/\/monachusyachts.com\/wp-content\/webp-express\/webp-images\/uploads\/2024\/05\/internautica-2024-BoatShow-980x621.jpg.webp 980w, https:\/\/monachusyachts.com\/wp-content\/webp-express\/webp-images\/uploads\/2024\/05\/internautica-2024-BoatShow-480x304.jpg.webp 480w\" type=\"image\/webp\" sizes=\"auto, (min-width: 0px) and (max-width: 480px) 480px, (min-width: 481px) and (max-width: 980px) 980px, (min-width: 981px) 1024px, 100vw\"><\/source><img loading=\"lazy\" decoding=\"async\" class=\"wp-image-250051 webpexpress-processed\" title=\"Internautica 2024-BoatShow\" src=\"https:\/\/monachusyachts.com\/wp-content\/uploads\/2024\/05\/internautica-2024-BoatShow-1024x648.jpg\" sizes=\"auto, (min-width: 0px) and (max-width: 480px) 480px, (min-width: 481px) and (max-width: 980px) 980px, (min-width: 981px) 1024px, 100vw\" srcset=\"https:\/\/monachusyachts.com\/wp-content\/uploads\/2024\/05\/internautica-2024-BoatShow-980x621.jpg 980w, https:\/\/monachusyachts.com\/wp-content\/uploads\/2024\/05\/internautica-2024-BoatShow-480x304.jpg 480w\" alt=\"Internautica 2024-BoatShow\" width=\"1024\" height=\"648\"><\/picture><\/span><\/div>\n<div class=\"et_pb_module et_pb_text et_pb_text_3 et_pb_text_align_left et_pb_bg_layout_light\">\n<div class=\"et_pb_text_inner\">\n<p>Vorremmo ringraziare tutti coloro che hanno partecipato e ci hanno supportato durante la fiera. Il vostro supporto \u00e8 essenziale nei nostri sforzi per migliorare e sviluppare continuamente i nostri prodotti. Non vediamo l&#8217;ora di partecipare a fiere future dove avremo l&#8217;opportunit\u00e0 di presentare molte altre soluzioni innovative dalla nostra offerta.  <\/p>\n<p>Cordiali saluti,<br \/>\n<em>Il vostro <a href=\"https:\/\/monachusyachts.com\/it\/\">team Monachus Yachts<\/a><\/em><\/p>\n<\/div>\n<\/div>\n<p>[\/vc_column_text][\/vc_column][\/vc_row]<\/p>\n<\/div>","protected":false},"excerpt":{"rendered":"<p>Una breve panoramica di INTERNAUTICA \u2013 Salone Nautico Internazionale 2024<\/p>\n","protected":false},"author":1,"featured_media":5107,"comment_status":"closed","ping_status":"closed","sticky":false,"template":"","format":"standard","meta":{"footnotes":""},"categories":[54],"tags":[],"class_list":["post-5108","post","type-post","status-publish","format-standard","has-post-thumbnail","hentry","category-blog","category-54","description-off"],"yoast_head":"<!-- This site is optimized with the Yoast SEO plugin v27.5 - https:\/\/yoast.com\/product\/yoast-seo-wordpress\/ -->\n<title>Salone nautico Internautica 2024 | Monachus Yachts<\/title>\n<meta name=\"description\" content=\"Monachus Yachts al Salone Nautico Internazionale Internautica 2024. Scopri gli yacht di lusso boutique e incontra il nostro team in Slovenia.\" \/>\n<meta name=\"robots\" content=\"index, follow, max-snippet:-1, max-image-preview:large, max-video-preview:-1\" \/>\n<link rel=\"canonical\" href=\"https:\/\/monachusyachts.com\/it\/internautica-salone-nautico-internazionale-2024\/\" \/>\n<meta property=\"og:locale\" content=\"it_IT\" \/>\n<meta property=\"og:type\" content=\"article\" \/>\n<meta property=\"og:title\" content=\"Salone nautico Internautica 2024 | Monachus Yachts\" \/>\n<meta property=\"og:description\" content=\"Monachus Yachts al Salone Nautico Internazionale Internautica 2024. Scopri gli yacht di lusso boutique e incontra il nostro team in Slovenia.\" \/>\n<meta property=\"og:url\" content=\"https:\/\/monachusyachts.com\/it\/internautica-salone-nautico-internazionale-2024\/\" \/>\n<meta property=\"og:site_name\" content=\"Monachus Yachts\" \/>\n<meta property=\"article:published_time\" content=\"2024-05-22T18:00:27+00:00\" \/>\n<meta property=\"article:modified_time\" content=\"2025-09-24T08:55:15+00:00\" \/>\n<meta property=\"og:image\" content=\"https:\/\/monachusyachts.com\/wp-content\/uploads\/2025\/07\/boat-show.jpg\" \/>\n\t<meta property=\"og:image:width\" content=\"1024\" \/>\n\t<meta property=\"og:image:height\" content=\"576\" \/>\n\t<meta property=\"og:image:type\" content=\"image\/jpeg\" \/>\n<meta name=\"author\" content=\"moyachts\" \/>\n<meta name=\"twitter:card\" content=\"summary_large_image\" \/>\n<meta name=\"twitter:label1\" content=\"Scritto da\" \/>\n\t<meta name=\"twitter:data1\" content=\"moyachts\" \/>\n\t<meta name=\"twitter:label2\" content=\"Tempo di lettura stimato\" \/>\n\t<meta name=\"twitter:data2\" content=\"2 minuti\" \/>\n<script type=\"application\/ld+json\" class=\"yoast-schema-graph\">{\"@context\":\"https:\\\/\\\/schema.org\",\"@graph\":[{\"@type\":\"Article\",\"@id\":\"https:\\\/\\\/monachusyachts.com\\\/it\\\/internautica-salone-nautico-internazionale-2024\\\/#article\",\"isPartOf\":{\"@id\":\"https:\\\/\\\/monachusyachts.com\\\/it\\\/internautica-salone-nautico-internazionale-2024\\\/\"},\"author\":{\"name\":\"moyachts\",\"@id\":\"https:\\\/\\\/monachusyachts.com\\\/it\\\/#\\\/schema\\\/person\\\/768f1fc2296e9d094c6c70385f410c38\"},\"headline\":\"INTERNAUTICA \u2013 salone nautico internazionale 2024\",\"datePublished\":\"2024-05-22T18:00:27+00:00\",\"dateModified\":\"2025-09-24T08:55:15+00:00\",\"mainEntityOfPage\":{\"@id\":\"https:\\\/\\\/monachusyachts.com\\\/it\\\/internautica-salone-nautico-internazionale-2024\\\/\"},\"wordCount\":402,\"image\":{\"@id\":\"https:\\\/\\\/monachusyachts.com\\\/it\\\/internautica-salone-nautico-internazionale-2024\\\/#primaryimage\"},\"thumbnailUrl\":\"https:\\\/\\\/monachusyachts.com\\\/wp-content\\\/uploads\\\/2025\\\/07\\\/boat-show.jpg\",\"articleSection\":[\"Blog\"],\"inLanguage\":\"it-IT\"},{\"@type\":\"WebPage\",\"@id\":\"https:\\\/\\\/monachusyachts.com\\\/it\\\/internautica-salone-nautico-internazionale-2024\\\/\",\"url\":\"https:\\\/\\\/monachusyachts.com\\\/it\\\/internautica-salone-nautico-internazionale-2024\\\/\",\"name\":\"Salone nautico Internautica 2024 | Monachus Yachts\",\"isPartOf\":{\"@id\":\"https:\\\/\\\/monachusyachts.com\\\/it\\\/#website\"},\"primaryImageOfPage\":{\"@id\":\"https:\\\/\\\/monachusyachts.com\\\/it\\\/internautica-salone-nautico-internazionale-2024\\\/#primaryimage\"},\"image\":{\"@id\":\"https:\\\/\\\/monachusyachts.com\\\/it\\\/internautica-salone-nautico-internazionale-2024\\\/#primaryimage\"},\"thumbnailUrl\":\"https:\\\/\\\/monachusyachts.com\\\/wp-content\\\/uploads\\\/2025\\\/07\\\/boat-show.jpg\",\"datePublished\":\"2024-05-22T18:00:27+00:00\",\"dateModified\":\"2025-09-24T08:55:15+00:00\",\"author\":{\"@id\":\"https:\\\/\\\/monachusyachts.com\\\/it\\\/#\\\/schema\\\/person\\\/768f1fc2296e9d094c6c70385f410c38\"},\"description\":\"Monachus Yachts al Salone Nautico Internazionale Internautica 2024. Scopri gli yacht di lusso boutique e incontra il nostro team in Slovenia.\",\"breadcrumb\":{\"@id\":\"https:\\\/\\\/monachusyachts.com\\\/it\\\/internautica-salone-nautico-internazionale-2024\\\/#breadcrumb\"},\"inLanguage\":\"it-IT\",\"potentialAction\":[{\"@type\":\"ReadAction\",\"target\":[\"https:\\\/\\\/monachusyachts.com\\\/it\\\/internautica-salone-nautico-internazionale-2024\\\/\"]}]},{\"@type\":\"ImageObject\",\"inLanguage\":\"it-IT\",\"@id\":\"https:\\\/\\\/monachusyachts.com\\\/it\\\/internautica-salone-nautico-internazionale-2024\\\/#primaryimage\",\"url\":\"https:\\\/\\\/monachusyachts.com\\\/wp-content\\\/uploads\\\/2025\\\/07\\\/boat-show.jpg\",\"contentUrl\":\"https:\\\/\\\/monachusyachts.com\\\/wp-content\\\/uploads\\\/2025\\\/07\\\/boat-show.jpg\",\"width\":1024,\"height\":576,\"caption\":\"Monachus Yachts a Internautica 2024, in mostra il design di yacht boutique adriatici.\"},{\"@type\":\"BreadcrumbList\",\"@id\":\"https:\\\/\\\/monachusyachts.com\\\/it\\\/internautica-salone-nautico-internazionale-2024\\\/#breadcrumb\",\"itemListElement\":[{\"@type\":\"ListItem\",\"position\":1,\"name\":\"Home\",\"item\":\"https:\\\/\\\/monachusyachts.com\\\/it\\\/\"},{\"@type\":\"ListItem\",\"position\":2,\"name\":\"INTERNAUTICA \u2013 salone nautico internazionale 2024\"}]},{\"@type\":\"WebSite\",\"@id\":\"https:\\\/\\\/monachusyachts.com\\\/it\\\/#website\",\"url\":\"https:\\\/\\\/monachusyachts.com\\\/it\\\/\",\"name\":\"Monachus Yachts\",\"description\":\"Unique Motor Yachts\",\"potentialAction\":[{\"@type\":\"SearchAction\",\"target\":{\"@type\":\"EntryPoint\",\"urlTemplate\":\"https:\\\/\\\/monachusyachts.com\\\/it\\\/?s={search_term_string}\"},\"query-input\":{\"@type\":\"PropertyValueSpecification\",\"valueRequired\":true,\"valueName\":\"search_term_string\"}}],\"inLanguage\":\"it-IT\"},{\"@type\":\"Person\",\"@id\":\"https:\\\/\\\/monachusyachts.com\\\/it\\\/#\\\/schema\\\/person\\\/768f1fc2296e9d094c6c70385f410c38\",\"name\":\"moyachts\",\"image\":{\"@type\":\"ImageObject\",\"inLanguage\":\"it-IT\",\"@id\":\"https:\\\/\\\/secure.gravatar.com\\\/avatar\\\/2e23d60e1368437a3c6e0d0158ff8a346a2c61239a81bcd1a49920c92fdea7d0?s=96&d=mm&r=g\",\"url\":\"https:\\\/\\\/secure.gravatar.com\\\/avatar\\\/2e23d60e1368437a3c6e0d0158ff8a346a2c61239a81bcd1a49920c92fdea7d0?s=96&d=mm&r=g\",\"contentUrl\":\"https:\\\/\\\/secure.gravatar.com\\\/avatar\\\/2e23d60e1368437a3c6e0d0158ff8a346a2c61239a81bcd1a49920c92fdea7d0?s=96&d=mm&r=g\",\"caption\":\"moyachts\"},\"sameAs\":[\"https:\\\/\\\/monachusyachts.com\"],\"url\":\"https:\\\/\\\/monachusyachts.com\\\/it\\\/author\\\/moyachts\\\/\"}]}<\/script>\n<!-- \/ Yoast SEO plugin. -->","yoast_head_json":{"title":"Salone nautico Internautica 2024 | Monachus Yachts","description":"Monachus Yachts al Salone Nautico Internazionale Internautica 2024. Scopri gli yacht di lusso boutique e incontra il nostro team in Slovenia.","robots":{"index":"index","follow":"follow","max-snippet":"max-snippet:-1","max-image-preview":"max-image-preview:large","max-video-preview":"max-video-preview:-1"},"canonical":"https:\/\/monachusyachts.com\/it\/internautica-salone-nautico-internazionale-2024\/","og_locale":"it_IT","og_type":"article","og_title":"Salone nautico Internautica 2024 | Monachus Yachts","og_description":"Monachus Yachts al Salone Nautico Internazionale Internautica 2024. Scopri gli yacht di lusso boutique e incontra il nostro team in Slovenia.","og_url":"https:\/\/monachusyachts.com\/it\/internautica-salone-nautico-internazionale-2024\/","og_site_name":"Monachus Yachts","article_published_time":"2024-05-22T18:00:27+00:00","article_modified_time":"2025-09-24T08:55:15+00:00","og_image":[{"width":1024,"height":576,"url":"https:\/\/monachusyachts.com\/wp-content\/uploads\/2025\/07\/boat-show.jpg","type":"image\/jpeg"}],"author":"moyachts","twitter_card":"summary_large_image","twitter_misc":{"Scritto da":"moyachts","Tempo di lettura stimato":"2 minuti"},"schema":{"@context":"https:\/\/schema.org","@graph":[{"@type":"Article","@id":"https:\/\/monachusyachts.com\/it\/internautica-salone-nautico-internazionale-2024\/#article","isPartOf":{"@id":"https:\/\/monachusyachts.com\/it\/internautica-salone-nautico-internazionale-2024\/"},"author":{"name":"moyachts","@id":"https:\/\/monachusyachts.com\/it\/#\/schema\/person\/768f1fc2296e9d094c6c70385f410c38"},"headline":"INTERNAUTICA \u2013 salone nautico internazionale 2024","datePublished":"2024-05-22T18:00:27+00:00","dateModified":"2025-09-24T08:55:15+00:00","mainEntityOfPage":{"@id":"https:\/\/monachusyachts.com\/it\/internautica-salone-nautico-internazionale-2024\/"},"wordCount":402,"image":{"@id":"https:\/\/monachusyachts.com\/it\/internautica-salone-nautico-internazionale-2024\/#primaryimage"},"thumbnailUrl":"https:\/\/monachusyachts.com\/wp-content\/uploads\/2025\/07\/boat-show.jpg","articleSection":["Blog"],"inLanguage":"it-IT"},{"@type":"WebPage","@id":"https:\/\/monachusyachts.com\/it\/internautica-salone-nautico-internazionale-2024\/","url":"https:\/\/monachusyachts.com\/it\/internautica-salone-nautico-internazionale-2024\/","name":"Salone nautico Internautica 2024 | Monachus Yachts","isPartOf":{"@id":"https:\/\/monachusyachts.com\/it\/#website"},"primaryImageOfPage":{"@id":"https:\/\/monachusyachts.com\/it\/internautica-salone-nautico-internazionale-2024\/#primaryimage"},"image":{"@id":"https:\/\/monachusyachts.com\/it\/internautica-salone-nautico-internazionale-2024\/#primaryimage"},"thumbnailUrl":"https:\/\/monachusyachts.com\/wp-content\/uploads\/2025\/07\/boat-show.jpg","datePublished":"2024-05-22T18:00:27+00:00","dateModified":"2025-09-24T08:55:15+00:00","author":{"@id":"https:\/\/monachusyachts.com\/it\/#\/schema\/person\/768f1fc2296e9d094c6c70385f410c38"},"description":"Monachus Yachts al Salone Nautico Internazionale Internautica 2024. Scopri gli yacht di lusso boutique e incontra il nostro team in Slovenia.","breadcrumb":{"@id":"https:\/\/monachusyachts.com\/it\/internautica-salone-nautico-internazionale-2024\/#breadcrumb"},"inLanguage":"it-IT","potentialAction":[{"@type":"ReadAction","target":["https:\/\/monachusyachts.com\/it\/internautica-salone-nautico-internazionale-2024\/"]}]},{"@type":"ImageObject","inLanguage":"it-IT","@id":"https:\/\/monachusyachts.com\/it\/internautica-salone-nautico-internazionale-2024\/#primaryimage","url":"https:\/\/monachusyachts.com\/wp-content\/uploads\/2025\/07\/boat-show.jpg","contentUrl":"https:\/\/monachusyachts.com\/wp-content\/uploads\/2025\/07\/boat-show.jpg","width":1024,"height":576,"caption":"Monachus Yachts a Internautica 2024, in mostra il design di yacht boutique adriatici."},{"@type":"BreadcrumbList","@id":"https:\/\/monachusyachts.com\/it\/internautica-salone-nautico-internazionale-2024\/#breadcrumb","itemListElement":[{"@type":"ListItem","position":1,"name":"Home","item":"https:\/\/monachusyachts.com\/it\/"},{"@type":"ListItem","position":2,"name":"INTERNAUTICA \u2013 salone nautico internazionale 2024"}]},{"@type":"WebSite","@id":"https:\/\/monachusyachts.com\/it\/#website","url":"https:\/\/monachusyachts.com\/it\/","name":"Monachus Yachts","description":"Unique Motor Yachts","potentialAction":[{"@type":"SearchAction","target":{"@type":"EntryPoint","urlTemplate":"https:\/\/monachusyachts.com\/it\/?s={search_term_string}"},"query-input":{"@type":"PropertyValueSpecification","valueRequired":true,"valueName":"search_term_string"}}],"inLanguage":"it-IT"},{"@type":"Person","@id":"https:\/\/monachusyachts.com\/it\/#\/schema\/person\/768f1fc2296e9d094c6c70385f410c38","name":"moyachts","image":{"@type":"ImageObject","inLanguage":"it-IT","@id":"https:\/\/secure.gravatar.com\/avatar\/2e23d60e1368437a3c6e0d0158ff8a346a2c61239a81bcd1a49920c92fdea7d0?s=96&d=mm&r=g","url":"https:\/\/secure.gravatar.com\/avatar\/2e23d60e1368437a3c6e0d0158ff8a346a2c61239a81bcd1a49920c92fdea7d0?s=96&d=mm&r=g","contentUrl":"https:\/\/secure.gravatar.com\/avatar\/2e23d60e1368437a3c6e0d0158ff8a346a2c61239a81bcd1a49920c92fdea7d0?s=96&d=mm&r=g","caption":"moyachts"},"sameAs":["https:\/\/monachusyachts.com"],"url":"https:\/\/monachusyachts.com\/it\/author\/moyachts\/"}]}},"_links":{"self":[{"href":"https:\/\/monachusyachts.com\/it\/wp-json\/wp\/v2\/posts\/5108","targetHints":{"allow":["GET"]}}],"collection":[{"href":"https:\/\/monachusyachts.com\/it\/wp-json\/wp\/v2\/posts"}],"about":[{"href":"https:\/\/monachusyachts.com\/it\/wp-json\/wp\/v2\/types\/post"}],"author":[{"embeddable":true,"href":"https:\/\/monachusyachts.com\/it\/wp-json\/wp\/v2\/users\/1"}],"replies":[{"embeddable":true,"href":"https:\/\/monachusyachts.com\/it\/wp-json\/wp\/v2\/comments?post=5108"}],"version-history":[{"count":2,"href":"https:\/\/monachusyachts.com\/it\/wp-json\/wp\/v2\/posts\/5108\/revisions"}],"predecessor-version":[{"id":5110,"href":"https:\/\/monachusyachts.com\/it\/wp-json\/wp\/v2\/posts\/5108\/revisions\/5110"}],"wp:featuredmedia":[{"embeddable":true,"href":"https:\/\/monachusyachts.com\/it\/wp-json\/wp\/v2\/media\/5107"}],"wp:attachment":[{"href":"https:\/\/monachusyachts.com\/it\/wp-json\/wp\/v2\/media?parent=5108"}],"wp:term":[{"taxonomy":"category","embeddable":true,"href":"https:\/\/monachusyachts.com\/it\/wp-json\/wp\/v2\/categories?post=5108"},{"taxonomy":"post_tag","embeddable":true,"href":"https:\/\/monachusyachts.com\/it\/wp-json\/wp\/v2\/tags?post=5108"}],"curies":[{"name":"wp","href":"https:\/\/api.w.org\/{rel}","templated":true}]}}